{"id":630,"date":"2017-02-14T14:47:25","date_gmt":"2017-02-14T13:47:25","guid":{"rendered":"https:\/\/parite.inria.fr\/?p=630"},"modified":"2019-03-28T10:59:50","modified_gmt":"2019-03-28T09:59:50","slug":"bonnes-pratiques","status":"publish","type":"post","link":"https:\/\/parite.inria.fr\/fr\/bonnes-pratiques\/","title":{"rendered":"Bonnes pratiques"},"content":{"rendered":"<p><\/p>\n<p id=\"eztoc200545_4\">Le comit\u00e9 parit\u00e9 et \u00e9galit\u00e9 d&rsquo;Inria, souhaite sensibiliser les organisateurs ou participants \u00e0 des manifestations sur l&rsquo;importance de la parit\u00e9 au sein des \u00e9v\u00e9nements sur lesquels Inria est positionn\u00e9. Certaines soci\u00e9t\u00e9s savantes ou conf\u00e9rences internationales proposent d\u00e9j\u00e0 des chartes de bonnes pratiques comme <a href=\"https:\/\/chi2016.acm.org\/wp\/diversity-and-inclusivity\/\">ACM CHI. <\/a><\/p>\n<p>Voici un message bref que nous diffusons sur les diff\u00e9rentes plates-formes au sein d&rsquo;Inria :<\/p>\n<div>\n<blockquote><p><em>Vous organisez ou participez \u00e0 un \u00e9v\u00e9nement \u00e0 destination de scientifiques, d&rsquo;industriels, ou de tout autre public. V\u00e9rifiez le plus t\u00f4t possible que votre manifestation ne pr\u00e9sente pas de sous-repr\u00e9sentation des femmes dans l&rsquo;organisation (conf\u00e9rences invit\u00e9es, tables rondes, participation aux comit\u00e9s de programme, pr\u00e9sidence de session, etc.) Si vous d\u00e9tectez une telle sous-repr\u00e9sentation, ou si vous vous posez des questions \u00e0 ce sujet, n&rsquo;h\u00e9sitez pas \u00e0 le signaler aupr\u00e8s des organisateurs ou solliciter le comit\u00e9 <span id=\"OBJ_PREFIX_DWT6013_com_zimbra_url\" class=\"Object\"><span id=\"OBJ_PREFIX_DWT6026_com_zimbra_url\" class=\"Object\"><a href=\"http:\/\/parite.inria.fr%20\" target=\"_blank\">parit\u00e9\/\u00e9galit\u00e9<\/a><\/span><\/span> : <\/em><span id=\"OBJ_PREFIX_DWT6014_com_zimbra_email\" class=\"Object\"><span id=\"OBJ_PREFIX_DWT6027_com_zimbra_email\" class=\"Object\"><a href=\"mailto:parite@inria.fr%20\" target=\"_blank\"><em>parite@inria.fr<\/em> <\/a><\/span><\/span><\/p><\/blockquote>\n<\/div>\n<p><\/p>","protected":false},"excerpt":{"rendered":"<p>Le comit\u00e9 parit\u00e9 et \u00e9galit\u00e9 d&rsquo;Inria, souhaite sensibiliser les organisateurs ou participants \u00e0 des manifestations sur l&rsquo;importance de la parit\u00e9 au sein des \u00e9v\u00e9nements sur lesquels Inria est positionn\u00e9. Certaines soci\u00e9t\u00e9s savantes ou conf\u00e9rences internationales proposent d\u00e9j\u00e0 des chartes de bonnes pratiques comme ACM CHI. Voici un message bref que\u2026<\/p>\n<p class=\"continue-reading-button\"> <a class=\"continue-reading-link\" href=\"https:\/\/parite.inria.fr\/fr\/bonnes-pratiques\/\">Lire la suite<i class=\"crycon-right-dir\"><\/i><\/a><\/p>\n","protected":false},"author":662,"featured_media":0,"comment_status":"open","ping_status":"closed","sticky":false,"template":"","format":"standard","meta":{"footnotes":""},"categories":[10],"tags":[],"class_list":["post-630","post","type-post","status-publish","format-standard","hentry","category-communication"],"_links":{"self":[{"href":"https:\/\/parite.inria.fr\/fr\/wp-json\/wp\/v2\/posts\/630","targetHints":{"allow":["GET"]}}],"collection":[{"href":"https:\/\/parite.inria.fr\/fr\/wp-json\/wp\/v2\/posts"}],"about":[{"href":"https:\/\/parite.inria.fr\/fr\/wp-json\/wp\/v2\/types\/post"}],"author":[{"embeddable":true,"href":"https:\/\/parite.inria.fr\/fr\/wp-json\/wp\/v2\/users\/662"}],"replies":[{"embeddable":true,"href":"https:\/\/parite.inria.fr\/fr\/wp-json\/wp\/v2\/comments?post=630"}],"version-history":[{"count":3,"href":"https:\/\/parite.inria.fr\/fr\/wp-json\/wp\/v2\/posts\/630\/revisions"}],"predecessor-version":[{"id":633,"href":"https:\/\/parite.inria.fr\/fr\/wp-json\/wp\/v2\/posts\/630\/revisions\/633"}],"wp:attachment":[{"href":"https:\/\/parite.inria.fr\/fr\/wp-json\/wp\/v2\/media?parent=630"}],"wp:term":[{"taxonomy":"category","embeddable":true,"href":"https:\/\/parite.inria.fr\/fr\/wp-json\/wp\/v2\/categories?post=630"},{"taxonomy":"post_tag","embeddable":true,"href":"https:\/\/parite.inria.fr\/fr\/wp-json\/wp\/v2\/tags?post=630"}],"curies":[{"name":"wp","href":"https:\/\/api.w.org\/{rel}","templated":true}]}}