{"id":466,"date":"2016-03-02T13:38:11","date_gmt":"2016-03-02T12:38:11","guid":{"rendered":"https:\/\/parite.inria.fr\/?p=466"},"modified":"2019-03-28T10:58:50","modified_gmt":"2019-03-28T09:58:50","slug":"harcelement-sexuel-dire-stop","status":"publish","type":"post","link":"https:\/\/parite.inria.fr\/fr\/harcelement-sexuel-dire-stop\/","title":{"rendered":"Harc\u00e8lement sexuel : dire stop"},"content":{"rendered":"<p><\/p>\n<p style=\"text-align: justify;\">A l&rsquo;initiative de la mission \u00e9galit\u00e9 femme \/ homme de l\u2019universit\u00e9 de Bordeaux, une campagne de sensibilisation au probl\u00e8me du harc\u00e8lement sexuel sera d\u00e9ploy\u00e9e d\u00e9but mars sur les campus.<\/p>\n<p>Plus d&rsquo;infos sur <a href=\"http:\/\/www.u-bordeaux.fr\/Actualites\/De-l-universite\/Harcelement-sexuel-dire-stop\" target=\"_blank\">le site de l&rsquo;Universit\u00e9 de Bordeaux<\/a>.<\/p>","protected":false},"excerpt":{"rendered":"<p>A l&rsquo;initiative de la mission \u00e9galit\u00e9 femme \/ homme de l\u2019universit\u00e9 de Bordeaux, une campagne de sensibilisation au probl\u00e8me du harc\u00e8lement sexuel sera d\u00e9ploy\u00e9e d\u00e9but mars sur les campus.<\/p>\n<p class=\"continue-reading-button\"> <a class=\"continue-reading-link\" href=\"https:\/\/parite.inria.fr\/fr\/harcelement-sexuel-dire-stop\/\">Lire la suite<i class=\"crycon-right-dir\"><\/i><\/a><\/p>\n","protected":false},"author":611,"featured_media":0,"comment_status":"open","ping_status":"closed","sticky":false,"template":"","format":"standard","meta":{"footnotes":""},"categories":[10],"tags":[],"class_list":["post-466","post","type-post","status-publish","format-standard","hentry","category-communication"],"_links":{"self":[{"href":"https:\/\/parite.inria.fr\/fr\/wp-json\/wp\/v2\/posts\/466","targetHints":{"allow":["GET"]}}],"collection":[{"href":"https:\/\/parite.inria.fr\/fr\/wp-json\/wp\/v2\/posts"}],"about":[{"href":"https:\/\/parite.inria.fr\/fr\/wp-json\/wp\/v2\/types\/post"}],"author":[{"embeddable":true,"href":"https:\/\/parite.inria.fr\/fr\/wp-json\/wp\/v2\/users\/611"}],"replies":[{"embeddable":true,"href":"https:\/\/parite.inria.fr\/fr\/wp-json\/wp\/v2\/comments?post=466"}],"version-history":[{"count":1,"href":"https:\/\/parite.inria.fr\/fr\/wp-json\/wp\/v2\/posts\/466\/revisions"}],"predecessor-version":[{"id":467,"href":"https:\/\/parite.inria.fr\/fr\/wp-json\/wp\/v2\/posts\/466\/revisions\/467"}],"wp:attachment":[{"href":"https:\/\/parite.inria.fr\/fr\/wp-json\/wp\/v2\/media?parent=466"}],"wp:term":[{"taxonomy":"category","embeddable":true,"href":"https:\/\/parite.inria.fr\/fr\/wp-json\/wp\/v2\/categories?post=466"},{"taxonomy":"post_tag","embeddable":true,"href":"https:\/\/parite.inria.fr\/fr\/wp-json\/wp\/v2\/tags?post=466"}],"curies":[{"name":"wp","href":"https:\/\/api.w.org\/{rel}","templated":true}]}}