{"id":260,"date":"2015-11-09T09:57:01","date_gmt":"2015-11-09T08:57:01","guid":{"rendered":"https:\/\/parite.inria.fr\/?p=260"},"modified":"2015-11-09T09:58:05","modified_gmt":"2015-11-09T08:58:05","slug":"reseau-des-femmes-scientifiques-expertes","status":"publish","type":"post","link":"https:\/\/parite.inria.fr\/fr\/reseau-des-femmes-scientifiques-expertes\/","title":{"rendered":"R\u00e9seau des femmes scientifiques expertes"},"content":{"rendered":"<p>Le projet <a href=\"http:\/\/expertes.eu\" target=\"_blank\">expertes.eu<\/a> a \u00e9t\u00e9 lanc\u00e9 par le groupe Egalis, Radio France et France t\u00e9l\u00e9visions. Il a pour objectif de participer \u00e0 la visibilit\u00e9 des femmes dans l\u2019espace public et les m\u00e9dias. Il recense plus de 1500 expertes sur 300 th\u00e9matiques et 2700 mots cl\u00e9s.<\/p>","protected":false},"excerpt":{"rendered":"<p>Le projet expertes.eu a \u00e9t\u00e9 lanc\u00e9 par le groupe Egalis, Radio France et France t\u00e9l\u00e9visions. Il a pour objectif de participer \u00e0 la visibilit\u00e9 des femmes dans l\u2019espace public et les m\u00e9dias. Il recense plus de 1500 expertes sur 300 th\u00e9matiques et 2700 mots cl\u00e9s.<\/p>\n<p class=\"continue-reading-button\"> <a class=\"continue-reading-link\" href=\"https:\/\/parite.inria.fr\/fr\/reseau-des-femmes-scientifiques-expertes\/\">Lire la suite<i class=\"crycon-right-dir\"><\/i><\/a><\/p>\n","protected":false},"author":662,"featured_media":0,"comment_status":"open","ping_status":"closed","sticky":false,"template":"","format":"standard","meta":{"footnotes":""},"categories":[10],"tags":[],"class_list":["post-260","post","type-post","status-publish","format-standard","hentry","category-communication"],"_links":{"self":[{"href":"https:\/\/parite.inria.fr\/fr\/wp-json\/wp\/v2\/posts\/260","targetHints":{"allow":["GET"]}}],"collection":[{"href":"https:\/\/parite.inria.fr\/fr\/wp-json\/wp\/v2\/posts"}],"about":[{"href":"https:\/\/parite.inria.fr\/fr\/wp-json\/wp\/v2\/types\/post"}],"author":[{"embeddable":true,"href":"https:\/\/parite.inria.fr\/fr\/wp-json\/wp\/v2\/users\/662"}],"replies":[{"embeddable":true,"href":"https:\/\/parite.inria.fr\/fr\/wp-json\/wp\/v2\/comments?post=260"}],"version-history":[{"count":2,"href":"https:\/\/parite.inria.fr\/fr\/wp-json\/wp\/v2\/posts\/260\/revisions"}],"predecessor-version":[{"id":265,"href":"https:\/\/parite.inria.fr\/fr\/wp-json\/wp\/v2\/posts\/260\/revisions\/265"}],"wp:attachment":[{"href":"https:\/\/parite.inria.fr\/fr\/wp-json\/wp\/v2\/media?parent=260"}],"wp:term":[{"taxonomy":"category","embeddable":true,"href":"https:\/\/parite.inria.fr\/fr\/wp-json\/wp\/v2\/categories?post=260"},{"taxonomy":"post_tag","embeddable":true,"href":"https:\/\/parite.inria.fr\/fr\/wp-json\/wp\/v2\/tags?post=260"}],"curies":[{"name":"wp","href":"https:\/\/api.w.org\/{rel}","templated":true}]}}